{"id":207416,"date":"2026-01-05T08:57:11","date_gmt":"2026-01-05T08:57:11","guid":{"rendered":"https:\/\/radiofenix.com.ar\/2023\/venezolanos-celebran-en-el-obelisco-la-captura-de-nicolas-maduro-nunca-perdimos-la-fe\/"},"modified":"2026-01-05T08:57:11","modified_gmt":"2026-01-05T08:57:11","slug":"venezolanos-celebran-en-el-obelisco-la-captura-de-nicolas-maduro-nunca-perdimos-la-fe","status":"publish","type":"post","link":"https:\/\/radiofenix.com.ar\/2023\/venezolanos-celebran-en-el-obelisco-la-captura-de-nicolas-maduro-nunca-perdimos-la-fe\/","title":{"rendered":"Venezolanos celebran en el Obelisco la captura de Nicol\u00e1s Maduro: &quot;Nunca perdimos la fe&quot;"},"content":{"rendered":"<div id=\"\">\n<h2>Un futuro de reconstrucci\u00f3n y el eco de la paz<\/h2>\n<p data-path-to-node=\"9\">El sentimiento de victoria se extendi\u00f3 tambi\u00e9n entre los m\u00e1s j\u00f3venes, quienes ya vislumbran el inicio de una nueva etapa pol\u00edtica y social. Uno de los presentes destac\u00f3 la importancia de la uni\u00f3n entre quienes permanecieron en la isla y los que emigraron: <strong data-path-to-node=\"9\" data-index-in-node=\"256\">\u201cVamos a vivir una transici\u00f3n hermosa. En Venezuela qued\u00f3 mucha gente que sigue luchando desde hace muchos a\u00f1os. Junto a ellos y los que vinimos a vivir afuera vamos a volver a construir el pa\u00eds\u201d<\/strong>.<\/p>\n<p data-path-to-node=\"10\">La jornada tambi\u00e9n estuvo impregnada por el pensamiento de la dirigencia opositora. Entre los carteles que poblaron la Plaza de la Rep\u00fablica, se destac\u00f3 una frase que Ana Corina Sosa, hija de la l\u00edder Mar\u00eda Corina Machado, pronunci\u00f3 al aceptar el Premio Nobel de la Paz en nombre de su madre: <strong data-path-to-node=\"10\" data-index-in-node=\"293\">\u201cLa paz es, en \u00faltima instancia, un acto de amor\u201d<\/strong>. Esta consigna sintetiz\u00f3 el pedido de justicia y armon\u00eda que sobrevol\u00f3 la manifestaci\u00f3n.<\/p>\n<p data-path-to-node=\"11\">La noticia, que para muchos lleg\u00f3 en las primeras horas del d\u00eda, fue recibida como un hito personal. <strong data-path-to-node=\"11\" data-index-in-node=\"101\">\u201cMe llamaron y fue mejor que vivir un cumplea\u00f1os y un A\u00f1o Nuevo juntos\u201d<\/strong>, asegur\u00f3 un hombre mientras se sumaba a los c\u00e1nticos. Entre l\u00e1grimas de alivio y abrazos compartidos, la frase que m\u00e1s reson\u00f3 en el aire porte\u00f1o fue una sola: <strong data-path-to-node=\"11\" data-index-in-node=\"332\">\u201cNunca perdimos la fe, ahora somos libres\u201d.<\/strong><\/p>\n<div id=\"embed93_wrap\" class=\"embed_cont type_freetext\" rel=\"freetext\" contenteditable=\"false\">\n<p> Embed <span onclick=\"parent.parent.TinyMCETdcuerpo.preview_embed('embed93')\" class=\"embed_colapse less\" id=\"embed93_colapse\">  <\/span> <span onclick=\"parent.parent.TinyMCETdcuerpo.delete_embed('embed93')\" class=\"embed_delete less\" id=\"embed93_delete\"\/><\/p>\n<div id=\"embed93_content\" class=\"embed_content\">\n<div id=\"embed93_embed\">\n<figure class=\"figure\"><a href=\"https:\/\/t.me\/minutounocom\" target=\"_blank\"><img decoding=\"async\" src=\"https:\/\/media.minutouno.com\/adjuntos\/150\/banners\/039\/099\/0039099175.jpg\" class=\"figure-img img-fluid\" style=\"width:100%;height:auto;\"\/><\/a><\/figure>\n<\/p><\/div>\n<\/div><\/div>\n<\/p><\/div>\n<p><a href=\"https:\/\/www.minutouno.com\/politica\/venezolanos-celebran-el-obelisco-la-captura-nicolas-maduro-nunca-perdimos-la-fe-n6230325\">source<\/a><\/p>\n","protected":false},"excerpt":{"rendered":"<p>Un futuro de reconstrucci\u00f3n y el eco de la paz El sentimiento de victoria se&#8230;<\/p>\n","protected":false},"author":0,"featured_media":207417,"comment_status":"open","ping_status":"open","sticky":false,"template":"","format":"standard","meta":{"footnotes":""},"categories":[2],"tags":[],"class_list":["post-207416","post","type-post","status-publish","format-standard","has-post-thumbnail","hentry","category-politica"],"featured_image_urls":{"full":["https:\/\/radiofenix.com.ar\/2023\/wp-content\/uploads\/2026\/01\/wp-header-logo-4.png",730,100,false],"thumbnail":["https:\/\/radiofenix.com.ar\/2023\/wp-content\/uploads\/2026\/01\/wp-header-logo-4-150x100.png",150,100,true],"medium":["https:\/\/radiofenix.com.ar\/2023\/wp-content\/uploads\/2026\/01\/wp-header-logo-4-300x41.png",300,41,true],"medium_large":["https:\/\/radiofenix.com.ar\/2023\/wp-content\/uploads\/2026\/01\/wp-header-logo-4.png",640,88,false],"large":["https:\/\/radiofenix.com.ar\/2023\/wp-content\/uploads\/2026\/01\/wp-header-logo-4.png",640,88,false],"1536x1536":["https:\/\/radiofenix.com.ar\/2023\/wp-content\/uploads\/2026\/01\/wp-header-logo-4.png",730,100,false],"2048x2048":["https:\/\/radiofenix.com.ar\/2023\/wp-content\/uploads\/2026\/01\/wp-header-logo-4.png",730,100,false],"newsium-slider-full":["https:\/\/radiofenix.com.ar\/2023\/wp-content\/uploads\/2026\/01\/wp-header-logo-4.png",730,100,false],"newsium-featured":["https:\/\/radiofenix.com.ar\/2023\/wp-content\/uploads\/2026\/01\/wp-header-logo-4.png",730,100,false],"newsium-medium":["https:\/\/radiofenix.com.ar\/2023\/wp-content\/uploads\/2026\/01\/wp-header-logo-4-720x100.png",720,100,true]},"author_info":{"info":[""]},"category_info":"<a href=\"https:\/\/radiofenix.com.ar\/2023\/category\/politica\/\" rel=\"category tag\">Pol\u00edtica<\/a>","tag_info":"Pol\u00edtica","comment_count":"0","_links":{"self":[{"href":"https:\/\/radiofenix.com.ar\/2023\/wp-json\/wp\/v2\/posts\/207416","targetHints":{"allow":["GET"]}}],"collection":[{"href":"https:\/\/radiofenix.com.ar\/2023\/wp-json\/wp\/v2\/posts"}],"about":[{"href":"https:\/\/radiofenix.com.ar\/2023\/wp-json\/wp\/v2\/types\/post"}],"replies":[{"embeddable":true,"href":"https:\/\/radiofenix.com.ar\/2023\/wp-json\/wp\/v2\/comments?post=207416"}],"version-history":[{"count":0,"href":"https:\/\/radiofenix.com.ar\/2023\/wp-json\/wp\/v2\/posts\/207416\/revisions"}],"wp:featuredmedia":[{"embeddable":true,"href":"https:\/\/radiofenix.com.ar\/2023\/wp-json\/wp\/v2\/media\/207417"}],"wp:attachment":[{"href":"https:\/\/radiofenix.com.ar\/2023\/wp-json\/wp\/v2\/media?parent=207416"}],"wp:term":[{"taxonomy":"category","embeddable":true,"href":"https:\/\/radiofenix.com.ar\/2023\/wp-json\/wp\/v2\/categories?post=207416"},{"taxonomy":"post_tag","embeddable":true,"href":"https:\/\/radiofenix.com.ar\/2023\/wp-json\/wp\/v2\/tags?post=207416"}],"curies":[{"name":"wp","href":"https:\/\/api.w.org\/{rel}","templated":true}]}}