{"id":207503,"date":"2026-01-06T08:57:15","date_gmt":"2026-01-06T08:57:15","guid":{"rendered":"https:\/\/radiofenix.com.ar\/2023\/explotan-las-redes-con-memes-y-videos-generados-con-ia-sobre-la-captura-de-nicolas-maduro\/"},"modified":"2026-01-06T08:57:15","modified_gmt":"2026-01-06T08:57:15","slug":"explotan-las-redes-con-memes-y-videos-generados-con-ia-sobre-la-captura-de-nicolas-maduro","status":"publish","type":"post","link":"https:\/\/radiofenix.com.ar\/2023\/explotan-las-redes-con-memes-y-videos-generados-con-ia-sobre-la-captura-de-nicolas-maduro\/","title":{"rendered":"Explotan las redes con memes y videos generados con IA sobre la captura de Nicol\u00e1s Maduro"},"content":{"rendered":"<div id=\"note-body\">\n<div class=\"person\">\n<div class=\"person-image rounded-circle with-image\">  <img loading=\"lazy\" decoding=\"async\" width=\"75\" height=\"75\" alt=\"Ximena Zeta\" class=\"\" src=\"https:\/\/media.minutouno.com\/p\/17b3079706a996a1704616112f50236a\/adjuntos\/150\/autores\/038\/731\/0038731920\/ximena.png\"\/><\/div>\n<\/p><\/div>\n<p class=\"\">En la madrugada del s\u00e1bado 3 de enero de 2026 Estados Unidos captur\u00f3 a Nicol\u00e1s Maduro y bombarde\u00f3 a Venezuela, el hecho inunda los medios internacionales. El presidente Donald Trump dijo, horas despu\u00e9s en una entrevista que brind\u00f3 a la FOX y lo repiti\u00f3 luego en conferencia de prensa, que <a href=\"https:\/\/www.minutouno.com\/politica\/trump-aseguro-que-siguio-vivo-la-captura-maduro-como-un-show-televisivo-n6230223\" target=\"_blank\" rel=\"follow\">sigui\u00f3 el operativo militar por c\u00e1maras como si fuera un espect\u00e1culo televisivo<\/a>. Tambi\u00e9n <strong><a href=\"https:\/\/www.minutouno.com\/mundo\/polemica-donald-trump-compartio-videos-del-bombardeo-venezuela-musicalizados-n6230413\" target=\"_blank\" rel=\"follow\">comparti\u00f3 un video editado y musicalizado con m\u00fasica de Creedence<\/a> mostrando el bombardeo donde murieron, seg\u00fan se sabe hasta el momento, <a href=\"https:\/\/www.minutouno.com\/mundo\/al-menos-40-personas-murieron-el-ataque-estados-unidos-venezuela-n6230383\" target=\"_blank\" rel=\"follow\">m\u00e1s de 40 personas.<\/a><\/strong><\/p>\n<\/p><\/div>\n<p><a href=\"https:\/\/www.minutouno.com\/politica\/explotan-las-redes-memes-y-videos-generados-ia-la-captura-nicolas-maduro-n6230423\">source<\/a><\/p>\n","protected":false},"excerpt":{"rendered":"<p>En la madrugada del s\u00e1bado 3 de enero de 2026 Estados Unidos captur\u00f3 a Nicol\u00e1s&#8230;<\/p>\n","protected":false},"author":0,"featured_media":207504,"comment_status":"open","ping_status":"open","sticky":false,"template":"","format":"standard","meta":{"footnotes":""},"categories":[2],"tags":[],"class_list":["post-207503","post","type-post","status-publish","format-standard","has-post-thumbnail","hentry","category-politica"],"featured_image_urls":{"full":["https:\/\/radiofenix.com.ar\/2023\/wp-content\/uploads\/2026\/01\/wp-header-logo-5.png",125,130,false],"thumbnail":["https:\/\/radiofenix.com.ar\/2023\/wp-content\/uploads\/2026\/01\/wp-header-logo-5.png",125,130,false],"medium":["https:\/\/radiofenix.com.ar\/2023\/wp-content\/uploads\/2026\/01\/wp-header-logo-5.png",125,130,false],"medium_large":["https:\/\/radiofenix.com.ar\/2023\/wp-content\/uploads\/2026\/01\/wp-header-logo-5.png",125,130,false],"large":["https:\/\/radiofenix.com.ar\/2023\/wp-content\/uploads\/2026\/01\/wp-header-logo-5.png",125,130,false],"1536x1536":["https:\/\/radiofenix.com.ar\/2023\/wp-content\/uploads\/2026\/01\/wp-header-logo-5.png",125,130,false],"2048x2048":["https:\/\/radiofenix.com.ar\/2023\/wp-content\/uploads\/2026\/01\/wp-header-logo-5.png",125,130,false],"newsium-slider-full":["https:\/\/radiofenix.com.ar\/2023\/wp-content\/uploads\/2026\/01\/wp-header-logo-5.png",125,130,false],"newsium-featured":["https:\/\/radiofenix.com.ar\/2023\/wp-content\/uploads\/2026\/01\/wp-header-logo-5.png",125,130,false],"newsium-medium":["https:\/\/radiofenix.com.ar\/2023\/wp-content\/uploads\/2026\/01\/wp-header-logo-5.png",125,130,false]},"author_info":{"info":[""]},"category_info":"<a href=\"https:\/\/radiofenix.com.ar\/2023\/category\/politica\/\" rel=\"category tag\">Pol\u00edtica<\/a>","tag_info":"Pol\u00edtica","comment_count":"0","_links":{"self":[{"href":"https:\/\/radiofenix.com.ar\/2023\/wp-json\/wp\/v2\/posts\/207503","targetHints":{"allow":["GET"]}}],"collection":[{"href":"https:\/\/radiofenix.com.ar\/2023\/wp-json\/wp\/v2\/posts"}],"about":[{"href":"https:\/\/radiofenix.com.ar\/2023\/wp-json\/wp\/v2\/types\/post"}],"replies":[{"embeddable":true,"href":"https:\/\/radiofenix.com.ar\/2023\/wp-json\/wp\/v2\/comments?post=207503"}],"version-history":[{"count":0,"href":"https:\/\/radiofenix.com.ar\/2023\/wp-json\/wp\/v2\/posts\/207503\/revisions"}],"wp:featuredmedia":[{"embeddable":true,"href":"https:\/\/radiofenix.com.ar\/2023\/wp-json\/wp\/v2\/media\/207504"}],"wp:attachment":[{"href":"https:\/\/radiofenix.com.ar\/2023\/wp-json\/wp\/v2\/media?parent=207503"}],"wp:term":[{"taxonomy":"category","embeddable":true,"href":"https:\/\/radiofenix.com.ar\/2023\/wp-json\/wp\/v2\/categories?post=207503"},{"taxonomy":"post_tag","embeddable":true,"href":"https:\/\/radiofenix.com.ar\/2023\/wp-json\/wp\/v2\/tags?post=207503"}],"curies":[{"name":"wp","href":"https:\/\/api.w.org\/{rel}","templated":true}]}}