{"id":209411,"date":"2026-09-01T08:57:07","date_gmt":"2026-09-01T08:57:07","guid":{"rendered":"https:\/\/radiofenix.com.ar\/2023\/denuncian-penalmente-a-milei-por-su-charla-en-la-ort-lo-acusan-de-proselitismo-e-incitacion-al-odio-politico\/"},"modified":"2026-09-01T08:57:07","modified_gmt":"2026-09-01T08:57:07","slug":"denuncian-penalmente-a-milei-por-su-charla-en-la-ort-lo-acusan-de-proselitismo-e-incitacion-al-odio-politico","status":"publish","type":"post","link":"https:\/\/radiofenix.com.ar\/2023\/denuncian-penalmente-a-milei-por-su-charla-en-la-ort-lo-acusan-de-proselitismo-e-incitacion-al-odio-politico\/","title":{"rendered":"Denuncian penalmente a Milei por su charla en la ORT: lo acusan de proselitismo e incitaci\u00f3n al odio pol\u00edtico"},"content":{"rendered":"<div id=\"\">\n<h2 id=\"p-1788222241454-56820\">La acusaci\u00f3n por los dichos de Milei contra el periodismo<\/h2>\n<p id=\"p-1788222241454-30662\" dir=\"auto\">Otro de los cuestionamientos est\u00e1 relacionado con el momento en que Milei se refiri\u00f3 a los periodistas. De acuerdo con la denuncia, el Presidente afirm\u00f3: <strong>\u201cEsto es para los periodistas que me tratan de hundir\u201d. <\/strong>Y luego, ante el abucheo de algunos alumnos, los denunciantes remarcaron que respondi\u00f3: <strong>\u201cD\u00edganlo m\u00e1s fuerte que se los festejo\u201d.<\/strong><\/p>\n<p id=\"p-1788222241454-1248\">Para Magioncalda y Fazio, esas expresiones implicaron <span class=\"saysCMSEmphasis\" id=\"saysCMSEmphasisxphiw1fesu\">una incitaci\u00f3n a hostigar p\u00fablicamente a la prensa frente a un grupo de estudiantes secundarios.<\/span> En la denuncia sostienen que Milei <strong>\u201cabus\u00f3 de la relaci\u00f3n asim\u00e9trica\u201d<\/strong> que ten\u00eda con los adolescentes y que utiliz\u00f3 el espacio escolar para una <strong>\u201carenga de car\u00e1cter proselitista\u201d<\/strong>. <\/p>\n<p id=\"p-1788222241454-71009\" dir=\"auto\">Los denunciantes tambi\u00e9n invocaron la Ley de Protecci\u00f3n Integral de Ni\u00f1as, Ni\u00f1os y Adolescentes y la Ley de Educaci\u00f3n Nacional. Sostienen que el discurso presidencial habr\u00eda afectado el derecho de los estudiantes a una formaci\u00f3n basada en el pluralismo y el respeto por la diversidad pol\u00edtica. <\/p>\n<div contenteditable=\"false\" class=\"embed_cont type_imagen\" id=\"8272062-Libre-2073413798_wrap\">\n<div id=\"8272062-Libre-2073413798_content\" class=\"embed_content\"><img src=\"https:\/\/media.minutouno.com\/p\/4cbd1c1b24e48f097d49fe743fcdead7\/adjuntos\/150\/imagenes\/043\/614\/0043614716\/610x0\/smart\/image.png\" decoding=\"async\" fetchpriority=\"low\" loading=\"lazy\" alt=\"\" title=\"\" width=\"610\" height=\"undefined\" id=\"8272062-Libre-2073413798_embed\"\/><\/div>\n<\/p><\/div>\n<h2 id=\"p-1788222241454-49046\">Qu\u00e9 delitos le atribuyen<\/h2>\n<p id=\"p-1788222241454-95452\" dir=\"auto\">La presentaci\u00f3n sostiene que los hechos podr\u00edan configurar el delito de <strong>abuso de autoridad<\/strong>, contemplado en el art\u00edculo 248 del C\u00f3digo Penal, y el previsto en el art\u00edculo 3\u00b0 de la Ley 23.592, que sanciona a quienes alienten o inciten a la persecuci\u00f3n o al odio contra personas o grupos por sus ideas pol\u00edticas. <\/p>\n<p id=\"p-1788222241454-86444\" dir=\"auto\">Sobre este \u00faltimo punto, los abogados argumentaron que calificar de <strong>\u201csat\u00e1nicas\u201d<\/strong> a determinadas ideolog\u00edas no ser\u00eda simplemente una cr\u00edtica pol\u00edtica, sino una forma de estigmatizaci\u00f3n. En palabras de la denuncia, esa caracterizaci\u00f3n <span class=\"saysCMSEmphasis\" id=\"saysCMSEmphasisviart5blevh\">\u201celimina la legitimidad del adversario pol\u00edtico, transform\u00e1ndolo en un \u2018enemigo\u2019 al que no se debe debatir, sino erradicar o perseguir\u201d. <\/span><\/p>\n<p id=\"p-1788222241454-30866\" dir=\"auto\">Tambi\u00e9n cuestionaron espec\u00edficamente el llamado a los alumnos a abuchear a periodistas y sostuvieron que se trat\u00f3 de una conducta de <strong>\u201caliento expl\u00edcito al hostigamiento y a la persecuci\u00f3n laboral y gremial\u201d<\/strong>. Finalmente, los denunciantes pidieron que la Justicia tenga por formulada la denuncia, impulse una investigaci\u00f3n y, una vez determinadas las responsabilidades correspondientes, establezca si existi\u00f3 responsabilidad penal. <\/p>\n<div contenteditable=\"false\" class=\"embed_cont type_freetext\" rel=\"freetext\" id=\"embed82_wrap\">\n<div id=\"embed82_content\" class=\"embed_content\">\n<div id=\"embed82_embed\">\n<figure class=\"figure\"><a href=\"https:\/\/whatsapp.com\/channel\/0029Vb7Jc7N11ulFvnJZpS06\" target=\"_blank\"><img src=\"https:\/\/media.minutouno.com\/adjuntos\/150\/banners\/043\/400\/0043400033.png\" decoding=\"async\" fetchpriority=\"low\" loading=\"lazy\" class=\"figure-img img-fluid\" style=\"width:100%;height:auto;\"\/><\/a><\/figure>\n<\/p><\/div>\n<\/div><\/div>\n<\/p><\/div>\n<p><a href=\"https:\/\/www.minutouno.com\/politica\/denuncian-penalmente-milei-su-charla-la-ort-lo-acusan-proselitismo-e-incitacion-al-odio-politico-n6316962\">source<\/a><\/p>\n","protected":false},"excerpt":{"rendered":"<p>La acusaci\u00f3n por los dichos de Milei contra el periodismo Otro de los cuestionamientos est\u00e1&#8230;<\/p>\n","protected":false},"author":0,"featured_media":209412,"comment_status":"open","ping_status":"open","sticky":false,"template":"","format":"standard","meta":{"footnotes":""},"categories":[2],"tags":[],"class_list":["post-209411","post","type-post","status-publish","format-standard","has-post-thumbnail","hentry","category-politica"],"featured_image_urls":{"full":["https:\/\/radiofenix.com.ar\/2023\/wp-content\/uploads\/2026\/09\/wp-header-logo.png",610,407,false],"thumbnail":["https:\/\/radiofenix.com.ar\/2023\/wp-content\/uploads\/2026\/09\/wp-header-logo-150x150.png",150,150,true],"medium":["https:\/\/radiofenix.com.ar\/2023\/wp-content\/uploads\/2026\/09\/wp-header-logo-300x200.png",300,200,true],"medium_large":["https:\/\/radiofenix.com.ar\/2023\/wp-content\/uploads\/2026\/09\/wp-header-logo.png",610,407,false],"large":["https:\/\/radiofenix.com.ar\/2023\/wp-content\/uploads\/2026\/09\/wp-header-logo.png",610,407,false],"1536x1536":["https:\/\/radiofenix.com.ar\/2023\/wp-content\/uploads\/2026\/09\/wp-header-logo.png",610,407,false],"2048x2048":["https:\/\/radiofenix.com.ar\/2023\/wp-content\/uploads\/2026\/09\/wp-header-logo.png",610,407,false],"newsium-slider-full":["https:\/\/radiofenix.com.ar\/2023\/wp-content\/uploads\/2026\/09\/wp-header-logo.png",610,407,false],"newsium-featured":["https:\/\/radiofenix.com.ar\/2023\/wp-content\/uploads\/2026\/09\/wp-header-logo.png",610,407,false],"newsium-medium":["https:\/\/radiofenix.com.ar\/2023\/wp-content\/uploads\/2026\/09\/wp-header-logo.png",610,407,false]},"author_info":{"info":[""]},"category_info":"<a href=\"https:\/\/radiofenix.com.ar\/2023\/category\/politica\/\" rel=\"category tag\">Pol\u00edtica<\/a>","tag_info":"Pol\u00edtica","comment_count":"0","_links":{"self":[{"href":"https:\/\/radiofenix.com.ar\/2023\/wp-json\/wp\/v2\/posts\/209411","targetHints":{"allow":["GET"]}}],"collection":[{"href":"https:\/\/radiofenix.com.ar\/2023\/wp-json\/wp\/v2\/posts"}],"about":[{"href":"https:\/\/radiofenix.com.ar\/2023\/wp-json\/wp\/v2\/types\/post"}],"replies":[{"embeddable":true,"href":"https:\/\/radiofenix.com.ar\/2023\/wp-json\/wp\/v2\/comments?post=209411"}],"version-history":[{"count":0,"href":"https:\/\/radiofenix.com.ar\/2023\/wp-json\/wp\/v2\/posts\/209411\/revisions"}],"wp:featuredmedia":[{"embeddable":true,"href":"https:\/\/radiofenix.com.ar\/2023\/wp-json\/wp\/v2\/media\/209412"}],"wp:attachment":[{"href":"https:\/\/radiofenix.com.ar\/2023\/wp-json\/wp\/v2\/media?parent=209411"}],"wp:term":[{"taxonomy":"category","embeddable":true,"href":"https:\/\/radiofenix.com.ar\/2023\/wp-json\/wp\/v2\/categories?post=209411"},{"taxonomy":"post_tag","embeddable":true,"href":"https:\/\/radiofenix.com.ar\/2023\/wp-json\/wp\/v2\/tags?post=209411"}],"curies":[{"name":"wp","href":"https:\/\/api.w.org\/{rel}","templated":true}]}}