{"id":209413,"date":"2026-09-02T08:57:10","date_gmt":"2026-09-02T08:57:10","guid":{"rendered":"https:\/\/radiofenix.com.ar\/2023\/luis-caputo-se-reunio-en-privado-con-scott-bessent-de-que-hablaron\/"},"modified":"2026-09-02T08:57:10","modified_gmt":"2026-09-02T08:57:10","slug":"luis-caputo-se-reunio-en-privado-con-scott-bessent-de-que-hablaron","status":"publish","type":"post","link":"https:\/\/radiofenix.com.ar\/2023\/luis-caputo-se-reunio-en-privado-con-scott-bessent-de-que-hablaron\/","title":{"rendered":"Luis Caputo se reuni\u00f3 en privado con Scott Bessent: de qu\u00e9 hablaron"},"content":{"rendered":"<div id=\"\">\n<h2 id=\"p-1788295428586-37817\">Los halagos de Scott Bessent al ajuste de Javier Milei<\/h2>\n<div contenteditable=\"false\" class=\"embed_cont type_imagen\" id=\"8272579-Libre-1411653524_wrap\">\n<div id=\"8272579-Libre-1411653524_content\" class=\"embed_content\"><img src=\"https:\/\/media.minutouno.com\/p\/00062c8d61483720728dafded94ad57f\/adjuntos\/150\/imagenes\/043\/616\/0043616807\/610x0\/smart\/scott-bessent-ashville.jpg\" decoding=\"async\" fetchpriority=\"low\" loading=\"lazy\" alt=\"Scott Bessent elogi\u00f3 la gesti\u00f3n de Javier Milei\" title=\"Scott Bessent elogi\u00f3 la gesti\u00f3n de Javier Milei\" width=\"610\" height=\"undefined\" id=\"8272579-Libre-1411653524_embed\"\/><\/div>\n<div class=\"embed_wrapper-cont\" id=\"p-1788295474292-62803\">\n<div id=\"8272579-Libre-1411653524_epigrafe\" class=\"embed_epigrafe\">\n<p id=\"p-1788295497423-93313\">Scott Bessent elogi\u00f3 la gesti\u00f3n de Javier Milei<\/p>\n<\/div><\/div>\n<\/p><\/div>\n<p id=\"p-1788295428586-84623\">Previo al encuentro con Luis Caputo, que tuvo lugar en Asheville (Carolina del Norte), Scott Bessent hab\u00eda elogiado el plan de ajuste econ\u00f3mico que lleva adelante el gobierno anarcocapitalista, al afirmar que la <strong>\u201cArgentina est\u00e1 liderando una oportunidad hist\u00f3rica en el hemisferio occidental\u201d.<\/strong><\/p>\n<p id=\"p-1788295428586-15398\">En conversaci\u00f3n p\u00fablica con Larry Kudlow en el Seely Pavilion, sostuvo que \u201csi analizamos en detalle la \u00faltima elecci\u00f3n del presidente Milei, <strong>vemos que los sectores m\u00e1s pobres de la sociedad y los j\u00f3venes, que antes se inclinaban por la izquierda, le dieron su apoyo<\/strong>\u201d.<\/p>\n<p id=\"p-1788295428586-57060\"><strong>\u201cAs\u00ed que estamos viendo cambios en la Argentina, Bolivia, Colombia, Chile y Ecuador, y creo que veremos muchos m\u00e1s casos similares\u201d,<\/strong> a\u00f1adi\u00f3 el secretario de Tesoro en alusi\u00f3n al giro a la derecha y hasta la ultraderecha que se detectan en varios gobiernos del subcontinente sudamericano.<\/p>\n<p id=\"p-1788295399753-16585\">Poco m\u00e1s tarde y mediante redes sociales, el ministro Caputo celebr\u00f3 las palabras de Bessent al destacar que sus palabras reflejan <strong>\u201cun reconocimiento al proceso de transformaci\u00f3n que est\u00e1 llevando adelante el Presidente Javier Milei\u201d<\/strong>. Esto es, en definitiva, todo lo que el titular del Palacio de Haciendo fue a buscar a los Estados Unidos.<\/p>\n<div contenteditable=\"false\" class=\"embed_cont type_imagen\" id=\"8272580-Libre-1776228762_wrap\">\n<div id=\"8272580-Libre-1776228762_content\" class=\"embed_content\"><img src=\"https:\/\/media.minutouno.com\/p\/2486785d958d2a61f0dda42efe483635\/adjuntos\/150\/imagenes\/043\/616\/0043616808\/610x0\/smart\/tuit-caputo-bessent.jpg\" decoding=\"async\" fetchpriority=\"low\" loading=\"lazy\" alt=\"Luis Caputo us\u00f3 X para destacar las palabras de Scott Bessent\" title=\"Luis Caputo us\u00f3 X para destacar las palabras de Scott Bessent\" width=\"610\" height=\"undefined\" id=\"8272580-Libre-1776228762_embed\"\/><\/div>\n<div class=\"embed_wrapper-cont\" id=\"p-1788295509880-94530\">\n<div id=\"8272580-Libre-1776228762_epigrafe\" class=\"embed_epigrafe\">\n<p id=\"p-1788295671970-25614\">Luis Caputo us\u00f3 X para destacar las palabras de Scott Bessent<\/p>\n<\/div><\/div>\n<\/p><\/div>\n<\/p><\/div>\n<p><a href=\"https:\/\/www.minutouno.com\/politica\/luis-caputo-se-reunio-privado-scott-bessent-que-hablaron-n6317375\">source<\/a><\/p>\n","protected":false},"excerpt":{"rendered":"<p>Los halagos de Scott Bessent al ajuste de Javier Milei Scott Bessent elogi\u00f3 la gesti\u00f3n&#8230;<\/p>\n","protected":false},"author":0,"featured_media":209414,"comment_status":"open","ping_status":"open","sticky":false,"template":"","format":"standard","meta":{"footnotes":""},"categories":[2],"tags":[],"class_list":["post-209413","post","type-post","status-publish","format-standard","has-post-thumbnail","hentry","category-politica"],"featured_image_urls":{"full":["https:\/\/radiofenix.com.ar\/2023\/wp-content\/uploads\/2026\/09\/wp-header-logo-1.png",610,381,false],"thumbnail":["https:\/\/radiofenix.com.ar\/2023\/wp-content\/uploads\/2026\/09\/wp-header-logo-1-150x150.png",150,150,true],"medium":["https:\/\/radiofenix.com.ar\/2023\/wp-content\/uploads\/2026\/09\/wp-header-logo-1-300x187.png",300,187,true],"medium_large":["https:\/\/radiofenix.com.ar\/2023\/wp-content\/uploads\/2026\/09\/wp-header-logo-1.png",610,381,false],"large":["https:\/\/radiofenix.com.ar\/2023\/wp-content\/uploads\/2026\/09\/wp-header-logo-1.png",610,381,false],"1536x1536":["https:\/\/radiofenix.com.ar\/2023\/wp-content\/uploads\/2026\/09\/wp-header-logo-1.png",610,381,false],"2048x2048":["https:\/\/radiofenix.com.ar\/2023\/wp-content\/uploads\/2026\/09\/wp-header-logo-1.png",610,381,false],"newsium-slider-full":["https:\/\/radiofenix.com.ar\/2023\/wp-content\/uploads\/2026\/09\/wp-header-logo-1.png",610,381,false],"newsium-featured":["https:\/\/radiofenix.com.ar\/2023\/wp-content\/uploads\/2026\/09\/wp-header-logo-1.png",610,381,false],"newsium-medium":["https:\/\/radiofenix.com.ar\/2023\/wp-content\/uploads\/2026\/09\/wp-header-logo-1.png",610,381,false]},"author_info":{"info":[""]},"category_info":"<a href=\"https:\/\/radiofenix.com.ar\/2023\/category\/politica\/\" rel=\"category tag\">Pol\u00edtica<\/a>","tag_info":"Pol\u00edtica","comment_count":"0","_links":{"self":[{"href":"https:\/\/radiofenix.com.ar\/2023\/wp-json\/wp\/v2\/posts\/209413","targetHints":{"allow":["GET"]}}],"collection":[{"href":"https:\/\/radiofenix.com.ar\/2023\/wp-json\/wp\/v2\/posts"}],"about":[{"href":"https:\/\/radiofenix.com.ar\/2023\/wp-json\/wp\/v2\/types\/post"}],"replies":[{"embeddable":true,"href":"https:\/\/radiofenix.com.ar\/2023\/wp-json\/wp\/v2\/comments?post=209413"}],"version-history":[{"count":0,"href":"https:\/\/radiofenix.com.ar\/2023\/wp-json\/wp\/v2\/posts\/209413\/revisions"}],"wp:featuredmedia":[{"embeddable":true,"href":"https:\/\/radiofenix.com.ar\/2023\/wp-json\/wp\/v2\/media\/209414"}],"wp:attachment":[{"href":"https:\/\/radiofenix.com.ar\/2023\/wp-json\/wp\/v2\/media?parent=209413"}],"wp:term":[{"taxonomy":"category","embeddable":true,"href":"https:\/\/radiofenix.com.ar\/2023\/wp-json\/wp\/v2\/categories?post=209413"},{"taxonomy":"post_tag","embeddable":true,"href":"https:\/\/radiofenix.com.ar\/2023\/wp-json\/wp\/v2\/tags?post=209413"}],"curies":[{"name":"wp","href":"https:\/\/api.w.org\/{rel}","templated":true}]}}