{"id":209415,"date":"2026-09-03T08:57:10","date_gmt":"2026-09-03T08:57:10","guid":{"rendered":"https:\/\/radiofenix.com.ar\/2023\/cordoba-analizan-habilitar-los-entierros-de-personas-junto-a-sus-mascotas\/"},"modified":"2026-09-03T08:57:10","modified_gmt":"2026-09-03T08:57:10","slug":"cordoba-analizan-habilitar-los-entierros-de-personas-junto-a-sus-mascotas","status":"publish","type":"post","link":"https:\/\/radiofenix.com.ar\/2023\/cordoba-analizan-habilitar-los-entierros-de-personas-junto-a-sus-mascotas\/","title":{"rendered":"C\u00f3rdoba:  analizan habilitar los entierros de personas junto a sus mascotas"},"content":{"rendered":"<div id=\"\">\n<p id=\"p-1788354796082-408\">Adem\u00e1s, la provincia tendr\u00eda que elaborar un protocolo espec\u00edfico para establecer c\u00f3mo deber\u00edan llevarse adelante estos entierros en los tanto los establecimientos p\u00fablicos y privados que decidan incorporar el servicio.<\/p>\n<p id=\"p-1788354796082-17008\">Las reglas podr\u00edan variar de acuerdo con las caracter\u00edsticas de cada cementerio, entre ellas el espacio disponible y la cercan\u00eda de las napas de agua.<\/p>\n<h2 id=\"p-1788354796082-9602\">Ata\u00fades, bolsas sanitarias y cenizas: las alternativas que se analizan<\/h2>\n<p id=\"p-1788354796082-21538\">El proyecto toma como referencia distintas modalidades utilizadas en otros lugares del mundo. Entre las opciones que fueron estudiadas aparecen los ata\u00fades cerrados, el uso de bolsas sanitarias y los sistemas que permiten \u00fanicamente la colocaci\u00f3n de las cenizas de las mascotas junto a los restos humanos.<\/p>\n<p id=\"p-1788354796082-8156\">Seg\u00fan explic\u00f3 Agost Carre\u00f1o, antes de impulsar la iniciativa se revisaron experiencias de distintos pa\u00edses. Entre los antecedentes mencion\u00f3 a Italia, Estados Unidos, Canad\u00e1, Jap\u00f3n, Alemania, Francia, Brasil y Uruguay.<\/p>\n<p id=\"p-1788354796082-34905\">Uno de los casos que destac\u00f3 fue el de Mil\u00e1n, donde, seg\u00fan indic\u00f3, los entierros conjuntos est\u00e1n permitidos desde enero de 2025. Tambi\u00e9n mencion\u00f3 casos en San Pablo, dos ciudades de Canad\u00e1 y dos de Jap\u00f3n. En Alemania y Francia se\u00f1al\u00f3 que existe la posibilidad, pero solo con las cenizas de los animales.<\/p>\n<p id=\"p-1788354796082-14336\">Agost Carre\u00f1o asegur\u00f3 adem\u00e1s que, a partir de las consultas y experiencias internacionales que analiz\u00f3, no encontr\u00f3 un impedimento sanitario general para mantener juntos restos humanos y animales. \u201cNo hay ning\u00fan motivo sanitario\u201d, afirm\u00f3.<\/p>\n<h2 id=\"p-1788354796082-92879\">Cada cementerio decidir\u00eda si ofrece el servicio<\/h2>\n<p id=\"p-1788354796082-75043\">El proyecto tampoco establece cu\u00e1nto deber\u00eda costar una eventual inhumaci\u00f3n conjunta. Las tarifas quedar\u00edan en manos de cada cementerio, ya que actualmente no existe en Argentina una regulaci\u00f3n espec\u00edfica que determine precios para este tipo de sepulturas.<\/p>\n<p id=\"p-1788354796082-2595\">El legislador explic\u00f3 que los valores tambi\u00e9n presentan diferencias en otros pa\u00edses. Seg\u00fan detall\u00f3, en Mil\u00e1n el costo se toma como referencia del que corresponde al entierro de un beb\u00e9 reci\u00e9n nacido; en Jap\u00f3n, la pr\u00e1ctica ser\u00eda gratuita, mientras que en distintas ciudades estadounidenses las condiciones se definen de manera particular.<\/p>\n<p id=\"p-1788354796082-11331\">De avanzar la propuesta, entonces, la Provincia fijar\u00eda las condiciones sanitarias y operativas generales, pero cada cementerio tendr\u00eda la \u00faltima palabra sobre la incorporaci\u00f3n de esta modalidad. \u201cCada cementerio tenga la posibilidad de hacerlo\u201d, resumi\u00f3 Agost Carre\u00f1o al explicar el esp\u00edritu de la iniciativa.<\/p>\n<\/p><\/div>\n<p><a href=\"https:\/\/www.minutouno.com\/politica\/cordoba-analizan-habilitar-los-entierros-personas-junto-sus-mascotas-n6317577\">source<\/a><\/p>\n","protected":false},"excerpt":{"rendered":"<p>Adem\u00e1s, la provincia tendr\u00eda que elaborar un protocolo espec\u00edfico para establecer c\u00f3mo deber\u00edan llevarse adelante&#8230;<\/p>\n","protected":false},"author":0,"featured_media":209416,"comment_status":"open","ping_status":"open","sticky":false,"template":"","format":"standard","meta":{"footnotes":""},"categories":[2],"tags":[],"class_list":["post-209415","post","type-post","status-publish","format-standard","has-post-thumbnail","hentry","category-politica"],"featured_image_urls":{"full":["https:\/\/radiofenix.com.ar\/2023\/wp-content\/uploads\/2026\/09\/wp-header-logo-2.png",1200,675,false],"thumbnail":["https:\/\/radiofenix.com.ar\/2023\/wp-content\/uploads\/2026\/09\/wp-header-logo-2-150x150.png",150,150,true],"medium":["https:\/\/radiofenix.com.ar\/2023\/wp-content\/uploads\/2026\/09\/wp-header-logo-2-300x169.png",300,169,true],"medium_large":["https:\/\/radiofenix.com.ar\/2023\/wp-content\/uploads\/2026\/09\/wp-header-logo-2-768x432.png",640,360,true],"large":["https:\/\/radiofenix.com.ar\/2023\/wp-content\/uploads\/2026\/09\/wp-header-logo-2-1024x576.png",640,360,true],"1536x1536":["https:\/\/radiofenix.com.ar\/2023\/wp-content\/uploads\/2026\/09\/wp-header-logo-2.png",1200,675,false],"2048x2048":["https:\/\/radiofenix.com.ar\/2023\/wp-content\/uploads\/2026\/09\/wp-header-logo-2.png",1200,675,false],"newsium-slider-full":["https:\/\/radiofenix.com.ar\/2023\/wp-content\/uploads\/2026\/09\/wp-header-logo-2.png",1200,675,false],"newsium-featured":["https:\/\/radiofenix.com.ar\/2023\/wp-content\/uploads\/2026\/09\/wp-header-logo-2-1024x576.png",1024,576,true],"newsium-medium":["https:\/\/radiofenix.com.ar\/2023\/wp-content\/uploads\/2026\/09\/wp-header-logo-2-720x475.png",720,475,true]},"author_info":{"info":[""]},"category_info":"<a href=\"https:\/\/radiofenix.com.ar\/2023\/category\/politica\/\" rel=\"category tag\">Pol\u00edtica<\/a>","tag_info":"Pol\u00edtica","comment_count":"0","_links":{"self":[{"href":"https:\/\/radiofenix.com.ar\/2023\/wp-json\/wp\/v2\/posts\/209415","targetHints":{"allow":["GET"]}}],"collection":[{"href":"https:\/\/radiofenix.com.ar\/2023\/wp-json\/wp\/v2\/posts"}],"about":[{"href":"https:\/\/radiofenix.com.ar\/2023\/wp-json\/wp\/v2\/types\/post"}],"replies":[{"embeddable":true,"href":"https:\/\/radiofenix.com.ar\/2023\/wp-json\/wp\/v2\/comments?post=209415"}],"version-history":[{"count":0,"href":"https:\/\/radiofenix.com.ar\/2023\/wp-json\/wp\/v2\/posts\/209415\/revisions"}],"wp:featuredmedia":[{"embeddable":true,"href":"https:\/\/radiofenix.com.ar\/2023\/wp-json\/wp\/v2\/media\/209416"}],"wp:attachment":[{"href":"https:\/\/radiofenix.com.ar\/2023\/wp-json\/wp\/v2\/media?parent=209415"}],"wp:term":[{"taxonomy":"category","embeddable":true,"href":"https:\/\/radiofenix.com.ar\/2023\/wp-json\/wp\/v2\/categories?post=209415"},{"taxonomy":"post_tag","embeddable":true,"href":"https:\/\/radiofenix.com.ar\/2023\/wp-json\/wp\/v2\/tags?post=209415"}],"curies":[{"name":"wp","href":"https:\/\/api.w.org\/{rel}","templated":true}]}}