{"id":209417,"date":"2026-09-04T08:57:07","date_gmt":"2026-09-04T08:57:07","guid":{"rendered":"https:\/\/radiofenix.com.ar\/2023\/cadena-nacional-de-javier-milei-discurso-completo-anuncios-sobre-malvinas-y-minuto-a-minuto\/"},"modified":"2026-09-04T08:57:07","modified_gmt":"2026-09-04T08:57:07","slug":"cadena-nacional-de-javier-milei-discurso-completo-anuncios-sobre-malvinas-y-minuto-a-minuto","status":"publish","type":"post","link":"https:\/\/radiofenix.com.ar\/2023\/cadena-nacional-de-javier-milei-discurso-completo-anuncios-sobre-malvinas-y-minuto-a-minuto\/","title":{"rendered":"Cadena nacional de Javier Milei: discurso completo, anuncios sobre Malvinas y minuto a minuto"},"content":{"rendered":"<div onkeyup=\"parent.parent.TinyMCETdcuerpo.handleLiveBlogPostKeyUp( event, 'CMSLiveBlog2dgwzkvsxvk')\" id=\"CMSLiveBlog2dgwzkvsxvk_content\" contenteditable=\"false\">\n<h2 id=\"p-1788475171225-72029\">Qu\u00e9 se sabe de la cadena nacional de Javier Milei<\/h2>\n<p id=\"p-rc_639e2b8900ea73bd-27\" data-path-to-node=\"5\">El discurso, que tendr\u00e1 una duraci\u00f3n estimada de entre 15 y 20 minutos, fue grabado directamente desde el <strong data-path-to-node=\"5\" data-index-in-node=\"106\">Sal\u00f3n Blanco de la Casa Rosada<\/strong> luego del viaje rel\u00e1mpago que el jefe de Estado realiz\u00f3 a Chile para participar del Foro Madrid y mantener un encuentro bilateral con su par chileno, Jos\u00e9 Antonio Kast.<\/p>\n<p id=\"p-1788474451427-5893\" data-path-to-node=\"5\">Para la ocasi\u00f3n, Milei estar\u00e1 secundado por gran parte de su gabinete de ministros, adem\u00e1s del presidente de la C\u00e1mara de Diputados, Mart\u00edn Menem, y la jefa del bloque oficialista en el Senado, Patricia Bullrich.<\/p>\n<p id=\"p-1788475248945-86143\" data-path-to-node=\"5\"><a href=\"https:\/\/www.minutouno.com\/politica\/cuanto-durara-y-que-hablara-javier-milei-la-cadena-nacional-malvinas-n6318364\" target=\"_blank\" rel=\"follow\">Segu\u00ed leyendo<\/a>.<\/p>\n<\/div>\n<p><a href=\"https:\/\/www.minutouno.com\/politica\/cadena-nacional-javier-milei-discurso-completo-anuncios-malvinas-y-minuto-minuto-n6318367\">source<\/a><\/p>\n","protected":false},"excerpt":{"rendered":"<p>Qu\u00e9 se sabe de la cadena nacional de Javier Milei El discurso, que tendr\u00e1 una&#8230;<\/p>\n","protected":false},"author":0,"featured_media":209418,"comment_status":"open","ping_status":"open","sticky":false,"template":"","format":"standard","meta":{"footnotes":""},"categories":[2],"tags":[],"class_list":["post-209417","post","type-post","status-publish","format-standard","has-post-thumbnail","hentry","category-politica"],"featured_image_urls":{"full":["https:\/\/radiofenix.com.ar\/2023\/wp-content\/uploads\/2026\/09\/wp-header-logo-3.png",1200,675,false],"thumbnail":["https:\/\/radiofenix.com.ar\/2023\/wp-content\/uploads\/2026\/09\/wp-header-logo-3-150x150.png",150,150,true],"medium":["https:\/\/radiofenix.com.ar\/2023\/wp-content\/uploads\/2026\/09\/wp-header-logo-3-300x169.png",300,169,true],"medium_large":["https:\/\/radiofenix.com.ar\/2023\/wp-content\/uploads\/2026\/09\/wp-header-logo-3-768x432.png",640,360,true],"large":["https:\/\/radiofenix.com.ar\/2023\/wp-content\/uploads\/2026\/09\/wp-header-logo-3-1024x576.png",640,360,true],"1536x1536":["https:\/\/radiofenix.com.ar\/2023\/wp-content\/uploads\/2026\/09\/wp-header-logo-3.png",1200,675,false],"2048x2048":["https:\/\/radiofenix.com.ar\/2023\/wp-content\/uploads\/2026\/09\/wp-header-logo-3.png",1200,675,false],"newsium-slider-full":["https:\/\/radiofenix.com.ar\/2023\/wp-content\/uploads\/2026\/09\/wp-header-logo-3.png",1200,675,false],"newsium-featured":["https:\/\/radiofenix.com.ar\/2023\/wp-content\/uploads\/2026\/09\/wp-header-logo-3-1024x576.png",1024,576,true],"newsium-medium":["https:\/\/radiofenix.com.ar\/2023\/wp-content\/uploads\/2026\/09\/wp-header-logo-3-720x475.png",720,475,true]},"author_info":{"info":[""]},"category_info":"<a href=\"https:\/\/radiofenix.com.ar\/2023\/category\/politica\/\" rel=\"category tag\">Pol\u00edtica<\/a>","tag_info":"Pol\u00edtica","comment_count":"0","_links":{"self":[{"href":"https:\/\/radiofenix.com.ar\/2023\/wp-json\/wp\/v2\/posts\/209417","targetHints":{"allow":["GET"]}}],"collection":[{"href":"https:\/\/radiofenix.com.ar\/2023\/wp-json\/wp\/v2\/posts"}],"about":[{"href":"https:\/\/radiofenix.com.ar\/2023\/wp-json\/wp\/v2\/types\/post"}],"replies":[{"embeddable":true,"href":"https:\/\/radiofenix.com.ar\/2023\/wp-json\/wp\/v2\/comments?post=209417"}],"version-history":[{"count":0,"href":"https:\/\/radiofenix.com.ar\/2023\/wp-json\/wp\/v2\/posts\/209417\/revisions"}],"wp:featuredmedia":[{"embeddable":true,"href":"https:\/\/radiofenix.com.ar\/2023\/wp-json\/wp\/v2\/media\/209418"}],"wp:attachment":[{"href":"https:\/\/radiofenix.com.ar\/2023\/wp-json\/wp\/v2\/media?parent=209417"}],"wp:term":[{"taxonomy":"category","embeddable":true,"href":"https:\/\/radiofenix.com.ar\/2023\/wp-json\/wp\/v2\/categories?post=209417"},{"taxonomy":"post_tag","embeddable":true,"href":"https:\/\/radiofenix.com.ar\/2023\/wp-json\/wp\/v2\/tags?post=209417"}],"curies":[{"name":"wp","href":"https:\/\/api.w.org\/{rel}","templated":true}]}}