{"id":209419,"date":"2026-09-05T08:57:09","date_gmt":"2026-09-05T08:57:09","guid":{"rendered":"https:\/\/radiofenix.com.ar\/2023\/el-rating-de-la-cadena-nacional-de-javier-milei-por-malvinas-supero-a-sus-mensajes-anteriores\/"},"modified":"2026-09-05T08:57:09","modified_gmt":"2026-09-05T08:57:09","slug":"el-rating-de-la-cadena-nacional-de-javier-milei-por-malvinas-supero-a-sus-mensajes-anteriores","status":"publish","type":"post","link":"https:\/\/radiofenix.com.ar\/2023\/el-rating-de-la-cadena-nacional-de-javier-milei-por-malvinas-supero-a-sus-mensajes-anteriores\/","title":{"rendered":"El rating de la cadena nacional de Javier Milei por Malvinas super\u00f3 a sus mensajes anteriores"},"content":{"rendered":"<div id=\"\">\n<p id=\"p-1788549052559-23688\">En cambio, el mensaje por Malvinas present\u00f3 una variaci\u00f3n mucho m\u00e1s reducida entre el inicio y el cierre. La transmisi\u00f3n comenz\u00f3 en 30,2 puntos y termin\u00f3 en 29, lo que reflej\u00f3 una p\u00e9rdida de apenas 1,2 puntos durante los 15 minutos de duraci\u00f3n.<\/p>\n<h2 id=\"p-1788549052559-70764\">\u00bfQu\u00e9 programas lideraban antes del discurso de Milei?<\/h2>\n<p id=\"p-1788549052559-45226\">Antes de que comenzara la cadena nacional, la competencia entre los canales pod\u00eda observarse de manera individual. Telefe Noticias se encontraba al frente con 7,2 puntos de rating. Detr\u00e1s aparec\u00eda Telenoche, de El Trece, con 5,8 puntos. En Am\u00e9rica, LAM registraba 4,8, mientras que Bendita, por El Nueve, alcanzaba 2,9 puntos. La Televisi\u00f3n P\u00fablica, por su parte, marcaba 0,2.<\/p>\n<p id=\"p-1788549052559-35859\">Una vez iniciada la transmisi\u00f3n presidencial, esos registros dejaron de mostrarse de manera separada y pasaron a integrar la medici\u00f3n general de \u201cCadena Nacional\u201d. As\u00ed, el discurso sobre Malvinas no solo consigui\u00f3 ubicarse como el mensaje presidencial con mayor audiencia del a\u00f1o, sino que tambi\u00e9n mostr\u00f3 una fuerte capacidad para mantener al p\u00fablico frente a las pantallas.<\/p>\n<div contenteditable=\"false\" class=\"embed_cont type_freetext\" rel=\"freetext\" id=\"embed93_wrap\">\n<div id=\"embed93_content\" class=\"embed_content\">\n<div id=\"embed93_embed\">\n<figure class=\"figure\"><a href=\"https:\/\/t.me\/minutounocom\" target=\"\\\\\\\\\\\\\\\\\\\\\\\\\\\\\\\\\\\\\\\\\\\\\\\\\\\\\\\\\\\\\\_blank\" rel=\"noopener\"><img src=\"https:\/\/media.minutouno.com\/adjuntos\/150\/banners\/039\/099\/0039099175.jpg\" decoding=\"async\" fetchpriority=\"low\" loading=\"lazy\" class=\"figure-img img-fluid\" style=\"width:100%;height:auto;\"\/><\/a><\/figure>\n<\/p><\/div>\n<\/div><\/div>\n<\/p><\/div>\n<p><a href=\"https:\/\/www.minutouno.com\/politica\/el-rating-la-cadena-nacional-javier-milei-malvinas-supero-sus-mensajes-anteriores-n6318732\">source<\/a><\/p>\n","protected":false},"excerpt":{"rendered":"<p>En cambio, el mensaje por Malvinas present\u00f3 una variaci\u00f3n mucho m\u00e1s reducida entre el inicio&#8230;<\/p>\n","protected":false},"author":0,"featured_media":209420,"comment_status":"open","ping_status":"open","sticky":false,"template":"","format":"standard","meta":{"footnotes":""},"categories":[2],"tags":[],"class_list":["post-209419","post","type-post","status-publish","format-standard","has-post-thumbnail","hentry","category-politica"],"featured_image_urls":{"full":["https:\/\/radiofenix.com.ar\/2023\/wp-content\/uploads\/2026\/09\/wp-header-logo-4.png",730,100,false],"thumbnail":["https:\/\/radiofenix.com.ar\/2023\/wp-content\/uploads\/2026\/09\/wp-header-logo-4-150x100.png",150,100,true],"medium":["https:\/\/radiofenix.com.ar\/2023\/wp-content\/uploads\/2026\/09\/wp-header-logo-4-300x41.png",300,41,true],"medium_large":["https:\/\/radiofenix.com.ar\/2023\/wp-content\/uploads\/2026\/09\/wp-header-logo-4.png",640,88,false],"large":["https:\/\/radiofenix.com.ar\/2023\/wp-content\/uploads\/2026\/09\/wp-header-logo-4.png",640,88,false],"1536x1536":["https:\/\/radiofenix.com.ar\/2023\/wp-content\/uploads\/2026\/09\/wp-header-logo-4.png",730,100,false],"2048x2048":["https:\/\/radiofenix.com.ar\/2023\/wp-content\/uploads\/2026\/09\/wp-header-logo-4.png",730,100,false],"newsium-slider-full":["https:\/\/radiofenix.com.ar\/2023\/wp-content\/uploads\/2026\/09\/wp-header-logo-4.png",730,100,false],"newsium-featured":["https:\/\/radiofenix.com.ar\/2023\/wp-content\/uploads\/2026\/09\/wp-header-logo-4.png",730,100,false],"newsium-medium":["https:\/\/radiofenix.com.ar\/2023\/wp-content\/uploads\/2026\/09\/wp-header-logo-4-720x100.png",720,100,true]},"author_info":{"info":[""]},"category_info":"<a href=\"https:\/\/radiofenix.com.ar\/2023\/category\/politica\/\" rel=\"category tag\">Pol\u00edtica<\/a>","tag_info":"Pol\u00edtica","comment_count":"0","_links":{"self":[{"href":"https:\/\/radiofenix.com.ar\/2023\/wp-json\/wp\/v2\/posts\/209419","targetHints":{"allow":["GET"]}}],"collection":[{"href":"https:\/\/radiofenix.com.ar\/2023\/wp-json\/wp\/v2\/posts"}],"about":[{"href":"https:\/\/radiofenix.com.ar\/2023\/wp-json\/wp\/v2\/types\/post"}],"replies":[{"embeddable":true,"href":"https:\/\/radiofenix.com.ar\/2023\/wp-json\/wp\/v2\/comments?post=209419"}],"version-history":[{"count":0,"href":"https:\/\/radiofenix.com.ar\/2023\/wp-json\/wp\/v2\/posts\/209419\/revisions"}],"wp:featuredmedia":[{"embeddable":true,"href":"https:\/\/radiofenix.com.ar\/2023\/wp-json\/wp\/v2\/media\/209420"}],"wp:attachment":[{"href":"https:\/\/radiofenix.com.ar\/2023\/wp-json\/wp\/v2\/media?parent=209419"}],"wp:term":[{"taxonomy":"category","embeddable":true,"href":"https:\/\/radiofenix.com.ar\/2023\/wp-json\/wp\/v2\/categories?post=209419"},{"taxonomy":"post_tag","embeddable":true,"href":"https:\/\/radiofenix.com.ar\/2023\/wp-json\/wp\/v2\/tags?post=209419"}],"curies":[{"name":"wp","href":"https:\/\/api.w.org\/{rel}","templated":true}]}}